{"id":14960,"date":"2020-06-18T10:51:12","date_gmt":"2020-06-18T10:51:12","guid":{"rendered":"https:\/\/arthritisbroadcastnetwork.org\/?p=14960"},"modified":"2022-06-13T16:32:46","modified_gmt":"2022-06-13T16:32:46","slug":"serie-speciale-sur-les-inegalites-en-matiere-de-sante-dans-le-domaine-de-larthrite-et-ailleurs","status":"publish","type":"post","link":"https:\/\/arthritisbroadcastnetwork.org\/?p=14960&lang=fr","title":{"rendered":"S\u00e9rie sp\u00e9ciale sur les in\u00e9galit\u00e9s en mati\u00e8re de sant\u00e9 dans le domaine de l\u2019arthrite et ailleurs"},"content":{"rendered":"\n<figure class=\"wp-block-image size-large\"><img decoding=\"async\" src=\"data:image\/gif;base64,R0lGODlhAQABAIAAAAAAAP\/\/\/yH5BAEAAAAALAAAAAABAAEAAAIBRAA7\" data-src=\"https:\/\/arthritisbroadcastnetwork.org\/wp-content\/uploads\/2020\/06\/Health-Inequities-Icons_Fr-10-1024x568.png\" alt=\"\" class=\"wp-image-16188 lazyload\"\/><noscript><img decoding=\"async\" width=\"1024\" height=\"568\" src=\"https:\/\/arthritisbroadcastnetwork.org\/wp-content\/uploads\/2020\/06\/Health-Inequities-Icons_Fr-10-1024x568.png\" alt=\"\" class=\"wp-image-16188 lazyload\" srcset=\"https:\/\/arthritisbroadcastnetwork.org\/wp-content\/uploads\/2020\/06\/Health-Inequities-Icons_Fr-10-1024x568.png 1024w, https:\/\/arthritisbroadcastnetwork.org\/wp-content\/uploads\/2020\/06\/Health-Inequities-Icons_Fr-10-300x166.png 300w, https:\/\/arthritisbroadcastnetwork.org\/wp-content\/uploads\/2020\/06\/Health-Inequities-Icons_Fr-10-768x426.png 768w, https:\/\/arthritisbroadcastnetwork.org\/wp-content\/uploads\/2020\/06\/Health-Inequities-Icons_Fr-10-1536x852.png 1536w, https:\/\/arthritisbroadcastnetwork.org\/wp-content\/uploads\/2020\/06\/Health-Inequities-Icons_Fr-10-2048x1136.png 2048w\" sizes=\"(max-width: 1024px) 100vw, 1024px\" \/><\/noscript><\/figure>\n\n\n\n<p>Le meurtre de George Floyd le 25 mai dernier a suscit\u00e9 une protestation mondiale contre le racisme et la violence polici\u00e8re. Le comit\u00e9 ACE (Arthritis Consumer Experts) est aux c\u00f4t\u00e9s de ceux qui luttent pour la justice et estime qu\u2019il est tr\u00e8s important de mettre en lumi\u00e8re les fa\u00e7ons dont le racisme et l\u2019in\u00e9galit\u00e9 existent \u00e9galement dans le domaine de l\u2019arthrite et plus g\u00e9n\u00e9ralement dans les soins de sant\u00e9 au Canada.<\/p>\n\n\n\n<p>Au cours des prochaines semaines, le comit\u00e9 ACE partagera r\u00e9guli\u00e8rement des informations sur les in\u00e9galit\u00e9s en mati\u00e8re de sant\u00e9 dans le domaine de l\u2019arthrite afin de sensibiliser la population \u00e0 ces probl\u00e8mes et d\u2019entamer le dialogue \u00e0 ce sujet dans notre collectivit\u00e9. Nous nous concentrerons sur les questions li\u00e9es \u00e0 la race, mais nous mettrons \u00e9galement en \u00e9vidence les facteurs de richesse et de lieux de r\u00e9sidence qui se recoupent. Le comit\u00e9 ACE continue \u00e0 s\u2019informer sur ces questions et sur notre r\u00f4le par rapport \u00e0 celles-ci. En tant que personne vivant avec l\u2019arthrite ou en tant que soignant, prestataire de soins de sant\u00e9, chercheur, \u00e9ducateur, \u00e9lu ou membre de l\u2019industrie, nous esp\u00e9rons que vous vous joindrez \u00e9galement \u00e0 nos efforts dans cette t\u00e2che en r\u00e9fl\u00e9chissant profond\u00e9ment \u00e0 la mani\u00e8re dont vous pouvez soutenir le changement.<\/p>\n\n\n\n<p>Notre premier billet sur les&nbsp;<strong>In\u00e9galit\u00e9s en mati\u00e8re de sant\u00e9 dans le domaine de l\u2019arthrite et ailleurs<\/strong>&nbsp;pr\u00e9sente un bref r\u00e9sum\u00e9 de l\u2019impact de facteurs tels que la race sur la sant\u00e9 des Canadiens. Nous esp\u00e9rons que ces renseignements seront utiles pour les prochains articles de cette s\u00e9rie, qui examineront plus en profondeur les in\u00e9galit\u00e9s dans le domaine de l\u2019arthrite.<\/p>\n\n\n\n<!--more-->\n\n\n\n<p><strong>Comprendre les in\u00e9galit\u00e9s en mati\u00e8re de sant\u00e9 au Canada : qu\u2019est-ce qui d\u00e9termine la sant\u00e9 d\u2019une personne ?<\/strong><\/p>\n\n\n\n<p>Qu\u2019est-ce qui fait qu\u2019une personne est plus en sant\u00e9 qu\u2019une autre ? Beaucoup pensent d\u2019abord \u00e0 des choses comme le tabagisme et l\u2019exercice physique, mais les conditions \u00e9conomiques et sociales ont une plus grande influence sur la sant\u00e9 des individus et des collectivit\u00e9s. Parmi les exemples, citons la race\/le racisme, le sexe, le logement, les revenus, l\u2019emploi et la d\u00e9ficience. Ces facteurs sont connus sous le nom de&nbsp;<em>d\u00e9terminants sociaux de la sant\u00e9<\/em>&nbsp;et sont g\u00e9n\u00e9ralement \u00e0 l\u2019origine des in\u00e9galit\u00e9s en mati\u00e8re de sant\u00e9, car ils ont une incidence sur le lieu et le mode de vie d\u2019une personne, son travail, son acc\u00e8s aux ressources (par exemple, l\u2019alimentation, les soins de sant\u00e9, les services de garderie) et le niveau de stress dans sa vie quotidienne. Les in\u00e9galit\u00e9s en mati\u00e8re de sant\u00e9 sont appel\u00e9es&nbsp;<em>in\u00e9galit\u00e9s de sant\u00e9<\/em>&nbsp;lorsqu\u2019elles sont injustes.<\/p>\n\n\n\n<p>Pourquoi les d\u00e9terminants sociaux ont-ils un effet plus puissant sur la sant\u00e9 d\u2019une personne que l\u2019alimentation ou l\u2019activit\u00e9 physique ? Essentiellement, parce que le mode de vie et les comportements personnels en mati\u00e8re de sant\u00e9 sont souvent d\u00e9termin\u00e9s par les conditions sociales et \u00e9conomiques. Par exemple, lorsqu\u2019il faut beaucoup d\u2019\u00e9nergie pour assurer des choses comme la nourriture, le logement et le revenu, il est presque impossible de trouver l\u2019\u00e9nergie ou le temps suppl\u00e9mentaire n\u00e9cessaires pour faire de l\u2019exercice, manger des aliments sains, s\u2019informer sur sa maladie ou consulter une \u00e9quipe de professionnels de la sant\u00e9 &#8211; autant d\u2019aspects consid\u00e9r\u00e9s comme essentiels dans la gestion de maladies chroniques comme l\u2019arthrite.<\/p>\n\n\n\n<p class=\"has-cyan-bluish-gray-background-color has-background\"><strong>L\u2019engagement du comit\u00e9 ACE<\/strong>&nbsp;\u2013 Le comit\u00e9 ACE reconna\u00eet que changer de mode de vie n\u00e9cessite du temps et des ressources auxquels tous les Canadiens n\u2019ont pas facilement acc\u00e8s &#8211; ce qui rend difficile la participation \u00e0 l\u2019\u00e9ducation des patients et aux ressources permettant de d\u00e9velopper des comp\u00e9tences d\u2019autogestion. Nous reconnaissons qu\u2019il faut tenir compte des diff\u00e9rentes positions sociales et \u00e9conomiques des personnes vivant avec l\u2019arthrite, afin que nos ressources puissent \u00eatre utiles \u00e0 tous les membres de la collectivit\u00e9 des personnes atteintes d\u2019arthrite.<\/p>\n\n\n\n<p><strong>Quel est l\u2019impact de la race sur la sant\u00e9 au Canada ?<\/strong><\/p>\n\n\n\n<p>La race est un d\u00e9terminant social important de la sant\u00e9 car elle est \u00e9troitement li\u00e9e \u00e0 d\u2019autres facteurs tels que le revenu, l\u2019emploi, l\u2019\u00e9ducation, le logement et les exp\u00e9riences d\u2019acc\u00e8s aux ressources de sant\u00e9. En d\u2019autres termes, le racisme syst\u00e9mique peut avoir un impact sur de nombreux domaines de la vie d\u2019une personne et donc sur sa sant\u00e9. En outre, les exp\u00e9riences de racisme et de discrimination v\u00e9cues tout au long de la vie peuvent affecter la sant\u00e9 d\u2019une personne en lui causant un niveau de stress \u00e9lev\u00e9 dans sa vie quotidienne. Les recherches sugg\u00e8rent que les exp\u00e9riences quotidiennes de racisme peuvent expliquer pourquoi les Canadiens noirs ont des taux de diab\u00e8te et d\u2019hypertension plus \u00e9lev\u00e9s que les Canadiens blancs, ind\u00e9pendamment de l\u2019\u00e9ducation, du revenu, de l\u2019activit\u00e9 physique et de l\u2019indice de masse corporelle (IMC)<sup>1<\/sup>.<\/p>\n\n\n\n<p class=\"has-cyan-bluish-gray-background-color has-background\"><strong>Qu\u2019est-ce que le racisme syst\u00e9mique ?<\/strong>&nbsp;Le racisme syst\u00e9mique se produit lorsque les politiques et les pratiques excluent ou font preuve de discrimination envers des groupes particuliers. La discrimination raciale peut \u00eatre profond\u00e9ment ancr\u00e9e dans des syst\u00e8mes tels que l\u2019\u00e9ducation, le gouvernement, l\u2019emploi, la justice p\u00e9nale et les soins de sant\u00e9. La discrimination et l\u2019exclusion peuvent se produire sans l\u2019intention des personnes travaillant dans ces syst\u00e8mes. L\u2019aspect \u00ab cach\u00e9 \u00bb du racisme syst\u00e9mique le rend particuli\u00e8rement nuisible.<\/p>\n\n\n\n<p>Les plus grandes in\u00e9galit\u00e9s raciales en mati\u00e8re de sant\u00e9 au Canada concernent les peuples autochtones qui pr\u00e9sentent des taux plus \u00e9lev\u00e9s de maladies cardiaques, d\u2019hypertension, d\u2019asthme, d\u2019arthrite et de cancer<sup>2<\/sup>. En fait, ces in\u00e9galit\u00e9s sont encore plus importantes que celles des populations autochtones aux \u00c9tats-Unis<sup>2<\/sup>, malgr\u00e9 la tendance du Canada \u00e0 se consid\u00e9rer comme \u00ab plus \u00e9galitaire \u00bb que ses voisins du Sud. Il existe des preuves solides que ces \u00e9carts en mati\u00e8re de sant\u00e9 ne sont pas le r\u00e9sultat de diff\u00e9rences g\u00e9n\u00e9tiques, mais plut\u00f4t de conditions sociales et \u00e9conomiques fa\u00e7onn\u00e9es par une longue histoire de colonialisme, de racisme, de destruction des terres et de ressources alimentaires, et par le traumatisme qui accompagne ces exp\u00e9riences<sup>2,3<\/sup>.<\/p>\n\n\n\n<p><strong>Aller de l\u2019avant<\/strong><\/p>\n\n\n\n<p>Notre prochain article mettra en \u00e9vidence le nombre croissant de recherches qui se penchent sp\u00e9cifiquement sur les taux d\u2019arthrite, la gravit\u00e9 des maladies et l\u2019acc\u00e8s aux soins dans les collectivit\u00e9s autochtones. Nous esp\u00e9rons que les informations ci-dessus permettront de mieux comprendre cette recherche et les facteurs responsables des in\u00e9galit\u00e9s dans le domaine de l\u2019arthrite.<\/p>\n\n\n\n<p><strong>Partager notre exp\u00e9rience<\/strong><\/p>\n\n\n\n<p>Le comit\u00e9 ACE s\u2019engage \u00e0 apprendre et \u00e0 \u00e9couter les membres de sa collectivit\u00e9. Si vous avez \u00e9t\u00e9 t\u00e9moin ou personnellement confront\u00e9 \u00e0 de la discrimination au cours de vos exp\u00e9riences en tant que patient arthritique, chercheur ou professionnel de la sant\u00e9, nous vous invitons \u00e0 partager vos exp\u00e9riences en envoyant un courriel \u00e0 feedback@jointhelth.org. Votre contribution permettra d\u2019\u00e9clairer notre travail de sensibilisation dans ce domaine.<\/p>\n\n\n\n<p class=\"has-cyan-bluish-gray-background-color has-background\"><strong>Aller au fond des choses<\/strong>&nbsp;\u2013 Le programme \u00ab \u00c0 la maison avec l\u2019arthrite \u00bb du comit\u00e9 ACE pr\u00e9sente une entrevue avec la Dre Cheryl Barnabe, chercheuse scientifique principale au centre Arthrite-recherche Canada. La Dre Barnabe est l\u2019un des principaux chercheurs canadiens dans le domaine de l\u2019identification et de la r\u00e9solution des lacunes en mati\u00e8re de soins de sant\u00e9 pour les patients autochtones. La Dre Barnabe nous fait part de ses r\u00e9flexions sur la prestation des soins de sant\u00e9 aux collectivit\u00e9s des Premi\u00e8res nations et aux collectivit\u00e9s mal desservies, dont bon nombre sont plus vuln\u00e9rables \u00e0 la COVID-19 en raison de probl\u00e8mes de sant\u00e9 sous-jacents. Elle explique les d\u00e9fis de l\u2019\u00e9loignement physique et de la sant\u00e9 mentale ainsi que la mani\u00e8re dont les soins virtuels sont utilis\u00e9s dans ces collectivit\u00e9s.<\/p>\n\n\n\n<ol class=\"wp-block-list\"><li>Veenstra, G., &amp; Patterson, A. C. (2016).&nbsp;<em>Black-white health inequalities in Canada. Journal of Immigrant and Minority Health<\/em>, 18(1), 51-57. doi:&nbsp;<a rel=\"noreferrer noopener\" href=\"http:\/\/dx.doi.org.ezproxy.library.ubc.ca\/10.1007\/s10903-014-0140-6\" target=\"_blank\">http:\/\/dx.doi.org.ezproxy.library.ubc.ca\/10.1007\/s10903-014-0140-6<\/a>&nbsp;(en anglais seulement)<\/li><li>Ramraj, C., Shahidi, F. V., Darity, W., Kawachi, I., Zuberi, D., &amp; Siddiqi, A. (2016).&nbsp;<em>Equally inequitable? A cross-national comparative study of racial health inequalities in the United States and Canada.<\/em>&nbsp;Social Science &amp; Medicine, 161, 19\u201326.&nbsp;<a rel=\"noreferrer noopener\" href=\"https:\/\/doi.org\/10.1016\/j.socscimed.2016.05.028\" target=\"_blank\">https:\/\/doi.org\/10.1016\/j.socscimed.2016.05.028<\/a>&nbsp;(en anglais seulement)<\/li><li>Adelson, N.&nbsp;<em>The Embodiment of Inequity: Health Disparities in Aboriginal Canada. Can J Public Health<\/em>&nbsp;96, S45\u2013S61 (2005).&nbsp;<a rel=\"noreferrer noopener\" href=\"https:\/\/doi-org.ezproxy.library.ubc.ca\/10.1007\/BF03403702\" target=\"_blank\">https:\/\/doi-org.ezproxy.library.ubc.ca\/10.1007\/BF03403702<\/a>&nbsp;(en anglais seulement)<\/li><\/ol>\n","protected":false},"excerpt":{"rendered":"<p>Le meurtre de George Floyd le 25 mai dernier a suscit\u00e9 une protestation mondiale contre le racisme et la violence polici\u00e8re. Le comit\u00e9 ACE (Arthritis&hellip;<\/p>\n","protected":false},"author":2,"featured_media":16188,"comment_status":"closed","ping_status":"closed","sticky":false,"template":"","format":"standard","meta":{"_monsterinsights_skip_tracking":false,"_monsterinsights_sitenote_active":false,"_monsterinsights_sitenote_note":"","_monsterinsights_sitenote_category":0,"_uf_show_specific_survey":0,"_uf_disable_surveys":false,"footnotes":""},"categories":[507,535,537],"tags":[529,595,597,599],"class_list":["post-14960","post","type-post","status-publish","format-standard","has-post-thumbnail","hentry","category-francais-fr","category-intel-arthrite-fr","category-recherche-fr","tag-arthrite-fr","tag-determinants-sociaux-de-la-sante-fr","tag-inequalities-fr","tag-racisme-fr"],"aioseo_notices":[],"_links":{"self":[{"href":"https:\/\/arthritisbroadcastnetwork.org\/index.php?rest_route=\/wp\/v2\/posts\/14960","targetHints":{"allow":["GET"]}}],"collection":[{"href":"https:\/\/arthritisbroadcastnetwork.org\/index.php?rest_route=\/wp\/v2\/posts"}],"about":[{"href":"https:\/\/arthritisbroadcastnetwork.org\/index.php?rest_route=\/wp\/v2\/types\/post"}],"author":[{"embeddable":true,"href":"https:\/\/arthritisbroadcastnetwork.org\/index.php?rest_route=\/wp\/v2\/users\/2"}],"replies":[{"embeddable":true,"href":"https:\/\/arthritisbroadcastnetwork.org\/index.php?rest_route=%2Fwp%2Fv2%2Fcomments&post=14960"}],"version-history":[{"count":2,"href":"https:\/\/arthritisbroadcastnetwork.org\/index.php?rest_route=\/wp\/v2\/posts\/14960\/revisions"}],"predecessor-version":[{"id":16189,"href":"https:\/\/arthritisbroadcastnetwork.org\/index.php?rest_route=\/wp\/v2\/posts\/14960\/revisions\/16189"}],"wp:featuredmedia":[{"embeddable":true,"href":"https:\/\/arthritisbroadcastnetwork.org\/index.php?rest_route=\/wp\/v2\/media\/16188"}],"wp:attachment":[{"href":"https:\/\/arthritisbroadcastnetwork.org\/index.php?rest_route=%2Fwp%2Fv2%2Fmedia&parent=14960"}],"wp:term":[{"taxonomy":"category","embeddable":true,"href":"https:\/\/arthritisbroadcastnetwork.org\/index.php?rest_route=%2Fwp%2Fv2%2Fcategories&post=14960"},{"taxonomy":"post_tag","embeddable":true,"href":"https:\/\/arthritisbroadcastnetwork.org\/index.php?rest_route=%2Fwp%2Fv2%2Ftags&post=14960"}],"curies":[{"name":"wp","href":"https:\/\/api.w.org\/{rel}","templated":true}]}}